{"id":3752,"date":"2023-05-03T11:38:56","date_gmt":"2023-05-03T09:38:56","guid":{"rendered":"https:\/\/www.macardenete.com\/?p=3752"},"modified":"2023-05-03T11:38:56","modified_gmt":"2023-05-03T09:38:56","slug":"el-profesor-cardenete-participa-en-la-presentacion-del-informe-de-fiscalidad-local-en-andalucia","status":"publish","type":"post","link":"https:\/\/www.macardenete.com\/es\/el-profesor-cardenete-participa-en-la-presentacion-del-informe-de-fiscalidad-local-en-andalucia\/","title":{"rendered":"El Profesor Cardenete participa en la presentaci\u00f3n del Informe de Fiscalidad Local en Andaluc\u00eda"},"content":{"rendered":"<p>En dicha presentaci\u00f3n contextualizamos la importancia de la fiscalidad m\u00e1s eficiente en un contexto de ralentizaci\u00f3n econ\u00f3mica.<\/p>\n","protected":false},"excerpt":{"rendered":"<p>En dicha presentaci\u00f3n contextualizamos la importancia de la fiscalidad m\u00e1s eficiente en un contexto de ralentizaci\u00f3n econ\u00f3mica.<\/p>\n<a class=\"btn btn-primary read-more-button\" href=\"https:\/\/www.macardenete.com\/es\/el-profesor-cardenete-participa-en-la-presentacion-del-informe-de-fiscalidad-local-en-andalucia\/\">Leer m\u00e1s...<\/a>","protected":false},"author":2,"featured_media":3753,"comment_status":"open","ping_status":"open","sticky":false,"template":"","format":"standard","meta":{"_acf_changed":false,"pgc_meta":"","inline_featured_image":false,"_jetpack_memberships_contains_paid_content":false,"footnotes":""},"categories":[17],"tags":[],"class_list":["post-3752","post","type-post","status-publish","format-standard","has-post-thumbnail","hentry","category-noticias"],"acf":[],"jetpack_sharing_enabled":true,"jetpack_featured_media_url":"https:\/\/www.macardenete.com\/wp-content\/uploads\/2023\/05\/9B6BCFCA-C6DF-444F-831F-457CBF324DE6-scaled.jpeg","_links":{"self":[{"href":"https:\/\/www.macardenete.com\/es\/wp-json\/wp\/v2\/posts\/3752","targetHints":{"allow":["GET"]}}],"collection":[{"href":"https:\/\/www.macardenete.com\/es\/wp-json\/wp\/v2\/posts"}],"about":[{"href":"https:\/\/www.macardenete.com\/es\/wp-json\/wp\/v2\/types\/post"}],"author":[{"embeddable":true,"href":"https:\/\/www.macardenete.com\/es\/wp-json\/wp\/v2\/users\/2"}],"replies":[{"embeddable":true,"href":"https:\/\/www.macardenete.com\/es\/wp-json\/wp\/v2\/comments?post=3752"}],"version-history":[{"count":1,"href":"https:\/\/www.macardenete.com\/es\/wp-json\/wp\/v2\/posts\/3752\/revisions"}],"predecessor-version":[{"id":3755,"href":"https:\/\/www.macardenete.com\/es\/wp-json\/wp\/v2\/posts\/3752\/revisions\/3755"}],"wp:featuredmedia":[{"embeddable":true,"href":"https:\/\/www.macardenete.com\/es\/wp-json\/wp\/v2\/media\/3753"}],"wp:attachment":[{"href":"https:\/\/www.macardenete.com\/es\/wp-json\/wp\/v2\/media?parent=3752"}],"wp:term":[{"taxonomy":"category","embeddable":true,"href":"https:\/\/www.macardenete.com\/es\/wp-json\/wp\/v2\/categories?post=3752"},{"taxonomy":"post_tag","embeddable":true,"href":"https:\/\/www.macardenete.com\/es\/wp-json\/wp\/v2\/tags?post=3752"}],"curies":[{"name":"wp","href":"https:\/\/api.w.org\/{rel}","templated":true}]}}