{"id":3704,"date":"2023-04-10T16:26:35","date_gmt":"2023-04-10T14:26:35","guid":{"rendered":"https:\/\/www.macardenete.com\/?p=3704"},"modified":"2023-04-14T09:42:54","modified_gmt":"2023-04-14T07:42:54","slug":"presentaremos-en-la-universidad-rey-juan-carlos-un-estudio-sobre-el-impacto-de-la-sequia-en-andalucia","status":"publish","type":"post","link":"https:\/\/www.macardenete.com\/es\/presentaremos-en-la-universidad-rey-juan-carlos-un-estudio-sobre-el-impacto-de-la-sequia-en-andalucia\/","title":{"rendered":"Presentaremos en la Universidad Rey Juan Carlos un estudio sobre el impacto de la sequ\u00eda en Espa\u00f1a"},"content":{"rendered":"<p>El pr\u00f3ximo 14 de abril, en la Universidad Rey de Juan Carlos de Madrid, presentaremos un estudio sobre el impacto de la sequ\u00eda en Espa\u00f1a, realizado conjuntamente con las profesoras Beltr\u00e1n y Villegas, en el marco de un Workshop sobre Modelizaci\u00f3n Input-Output<\/p>\n","protected":false},"excerpt":{"rendered":"<p>El pr\u00f3ximo 14 de abril, en la Universidad Rey de Juan Carlos de Madrid, presentaremos un estudio sobre el impacto de la sequ\u00eda en Espa\u00f1a, realizado conjuntamente con las profesoras Beltr\u00e1n y Villegas, en el marco de un Workshop sobre Modelizaci\u00f3n Input-Output<\/p>\n<a class=\"btn btn-primary read-more-button\" href=\"https:\/\/www.macardenete.com\/es\/presentaremos-en-la-universidad-rey-juan-carlos-un-estudio-sobre-el-impacto-de-la-sequia-en-andalucia\/\">Leer m\u00e1s...<\/a>","protected":false},"author":2,"featured_media":3705,"comment_status":"open","ping_status":"open","sticky":false,"template":"","format":"standard","meta":{"_acf_changed":false,"pgc_meta":"","inline_featured_image":false,"_jetpack_memberships_contains_paid_content":false,"footnotes":""},"categories":[17],"tags":[],"class_list":["post-3704","post","type-post","status-publish","format-standard","has-post-thumbnail","hentry","category-noticias"],"acf":[],"jetpack_sharing_enabled":true,"jetpack_featured_media_url":"https:\/\/www.macardenete.com\/wp-content\/uploads\/2023\/04\/CE3C5EBD-3141-4E43-B596-06FCAB4356C1.jpeg","_links":{"self":[{"href":"https:\/\/www.macardenete.com\/es\/wp-json\/wp\/v2\/posts\/3704","targetHints":{"allow":["GET"]}}],"collection":[{"href":"https:\/\/www.macardenete.com\/es\/wp-json\/wp\/v2\/posts"}],"about":[{"href":"https:\/\/www.macardenete.com\/es\/wp-json\/wp\/v2\/types\/post"}],"author":[{"embeddable":true,"href":"https:\/\/www.macardenete.com\/es\/wp-json\/wp\/v2\/users\/2"}],"replies":[{"embeddable":true,"href":"https:\/\/www.macardenete.com\/es\/wp-json\/wp\/v2\/comments?post=3704"}],"version-history":[{"count":2,"href":"https:\/\/www.macardenete.com\/es\/wp-json\/wp\/v2\/posts\/3704\/revisions"}],"predecessor-version":[{"id":3736,"href":"https:\/\/www.macardenete.com\/es\/wp-json\/wp\/v2\/posts\/3704\/revisions\/3736"}],"wp:featuredmedia":[{"embeddable":true,"href":"https:\/\/www.macardenete.com\/es\/wp-json\/wp\/v2\/media\/3705"}],"wp:attachment":[{"href":"https:\/\/www.macardenete.com\/es\/wp-json\/wp\/v2\/media?parent=3704"}],"wp:term":[{"taxonomy":"category","embeddable":true,"href":"https:\/\/www.macardenete.com\/es\/wp-json\/wp\/v2\/categories?post=3704"},{"taxonomy":"post_tag","embeddable":true,"href":"https:\/\/www.macardenete.com\/es\/wp-json\/wp\/v2\/tags?post=3704"}],"curies":[{"name":"wp","href":"https:\/\/api.w.org\/{rel}","templated":true}]}}