{"id":210,"date":"2023-05-08T11:47:06","date_gmt":"2023-05-08T09:47:06","guid":{"rendered":"https:\/\/www.macardenete.com\/climamodel\/?p=210"},"modified":"2023-05-08T11:47:06","modified_gmt":"2023-05-08T09:47:06","slug":"presentacion-sobre-el-impacto-de-la-subida-energetica-en-la-economia-espanola-en-el-congreso-ecomod","status":"publish","type":"post","link":"https:\/\/www.macardenete.com\/climamodel\/presentacion-sobre-el-impacto-de-la-subida-energetica-en-la-economia-espanola-en-el-congreso-ecomod\/","title":{"rendered":"Presentaci\u00f3n sobre el impacto de la subida energ\u00e9tica en la econom\u00eda espa\u00f1ola en el congreso ECOMOD"},"content":{"rendered":"<p>Miembros del equipo CLIMAMODEL, presentaran el pr\u00f3ximo mes junio en Praga, en el congreso ECOMOD, el impacto de la subida energ\u00e9tica en la econom\u00eda espa\u00f1ola.<\/p>\n","protected":false},"excerpt":{"rendered":"<p>Miembros del equipo CLIMAMODEL, presentaran el pr\u00f3ximo mes junio en Praga, en el congreso ECOMOD, el impacto de la subida energ\u00e9tica en la econom\u00eda espa\u00f1ola.<\/p>\n<a class=\"btn btn-primary read-more-button\" href=\"https:\/\/www.macardenete.com\/climamodel\/presentacion-sobre-el-impacto-de-la-subida-energetica-en-la-economia-espanola-en-el-congreso-ecomod\/\">Leer m\u00e1s...<\/a>","protected":false},"author":1,"featured_media":211,"comment_status":"open","ping_status":"open","sticky":false,"template":"","format":"standard","meta":{"_acf_changed":false,"pgc_meta":"","inline_featured_image":false,"footnotes":""},"categories":[1],"tags":[],"class_list":["post-210","post","type-post","status-publish","format-standard","has-post-thumbnail","hentry","category-sin-categoria"],"acf":[],"_links":{"self":[{"href":"https:\/\/www.macardenete.com\/climamodel\/wp-json\/wp\/v2\/posts\/210","targetHints":{"allow":["GET"]}}],"collection":[{"href":"https:\/\/www.macardenete.com\/climamodel\/wp-json\/wp\/v2\/posts"}],"about":[{"href":"https:\/\/www.macardenete.com\/climamodel\/wp-json\/wp\/v2\/types\/post"}],"author":[{"embeddable":true,"href":"https:\/\/www.macardenete.com\/climamodel\/wp-json\/wp\/v2\/users\/1"}],"replies":[{"embeddable":true,"href":"https:\/\/www.macardenete.com\/climamodel\/wp-json\/wp\/v2\/comments?post=210"}],"version-history":[{"count":1,"href":"https:\/\/www.macardenete.com\/climamodel\/wp-json\/wp\/v2\/posts\/210\/revisions"}],"predecessor-version":[{"id":212,"href":"https:\/\/www.macardenete.com\/climamodel\/wp-json\/wp\/v2\/posts\/210\/revisions\/212"}],"wp:featuredmedia":[{"embeddable":true,"href":"https:\/\/www.macardenete.com\/climamodel\/wp-json\/wp\/v2\/media\/211"}],"wp:attachment":[{"href":"https:\/\/www.macardenete.com\/climamodel\/wp-json\/wp\/v2\/media?parent=210"}],"wp:term":[{"taxonomy":"category","embeddable":true,"href":"https:\/\/www.macardenete.com\/climamodel\/wp-json\/wp\/v2\/categories?post=210"},{"taxonomy":"post_tag","embeddable":true,"href":"https:\/\/www.macardenete.com\/climamodel\/wp-json\/wp\/v2\/tags?post=210"}],"curies":[{"name":"wp","href":"https:\/\/api.w.org\/{rel}","templated":true}]}}