{"id":207,"date":"2023-05-08T11:44:05","date_gmt":"2023-05-08T09:44:05","guid":{"rendered":"https:\/\/www.macardenete.com\/climamodel\/?p=207"},"modified":"2023-05-08T11:44:05","modified_gmt":"2023-05-08T09:44:05","slug":"climamodel-presenta-un-estudio-sobre-el-impacto-de-la-sequia-en-espana","status":"publish","type":"post","link":"https:\/\/www.macardenete.com\/climamodel\/climamodel-presenta-un-estudio-sobre-el-impacto-de-la-sequia-en-espana\/","title":{"rendered":"Climamodel presenta un estudio sobre el impacto de la sequ\u00eda en Espa\u00f1a"},"content":{"rendered":"<p>Miembros del equipo CLIMAMODEL, presentaron el pasado 14 de abril, en la Universidad Rey de Juan Carlos de Madrid, un estudio sobre el impacto de la sequ\u00eda en Espa\u00f1a, en el marco de un Workshop sobre Modelizaci\u00f3n Input-Output<\/p>\n","protected":false},"excerpt":{"rendered":"<p>Miembros del equipo CLIMAMODEL, presentaron el pasado 14 de abril, en la Universidad Rey de Juan Carlos de Madrid, un estudio sobre el impacto de la sequ\u00eda en Espa\u00f1a, en el marco de un Workshop sobre Modelizaci\u00f3n Input-Output<\/p>\n<a class=\"btn btn-primary read-more-button\" href=\"https:\/\/www.macardenete.com\/climamodel\/climamodel-presenta-un-estudio-sobre-el-impacto-de-la-sequia-en-espana\/\">Leer m\u00e1s...<\/a>","protected":false},"author":1,"featured_media":208,"comment_status":"open","ping_status":"open","sticky":false,"template":"","format":"standard","meta":{"_acf_changed":false,"pgc_meta":"","inline_featured_image":false,"footnotes":""},"categories":[1],"tags":[],"class_list":["post-207","post","type-post","status-publish","format-standard","has-post-thumbnail","hentry","category-sin-categoria"],"acf":[],"_links":{"self":[{"href":"https:\/\/www.macardenete.com\/climamodel\/wp-json\/wp\/v2\/posts\/207","targetHints":{"allow":["GET"]}}],"collection":[{"href":"https:\/\/www.macardenete.com\/climamodel\/wp-json\/wp\/v2\/posts"}],"about":[{"href":"https:\/\/www.macardenete.com\/climamodel\/wp-json\/wp\/v2\/types\/post"}],"author":[{"embeddable":true,"href":"https:\/\/www.macardenete.com\/climamodel\/wp-json\/wp\/v2\/users\/1"}],"replies":[{"embeddable":true,"href":"https:\/\/www.macardenete.com\/climamodel\/wp-json\/wp\/v2\/comments?post=207"}],"version-history":[{"count":1,"href":"https:\/\/www.macardenete.com\/climamodel\/wp-json\/wp\/v2\/posts\/207\/revisions"}],"predecessor-version":[{"id":209,"href":"https:\/\/www.macardenete.com\/climamodel\/wp-json\/wp\/v2\/posts\/207\/revisions\/209"}],"wp:featuredmedia":[{"embeddable":true,"href":"https:\/\/www.macardenete.com\/climamodel\/wp-json\/wp\/v2\/media\/208"}],"wp:attachment":[{"href":"https:\/\/www.macardenete.com\/climamodel\/wp-json\/wp\/v2\/media?parent=207"}],"wp:term":[{"taxonomy":"category","embeddable":true,"href":"https:\/\/www.macardenete.com\/climamodel\/wp-json\/wp\/v2\/categories?post=207"},{"taxonomy":"post_tag","embeddable":true,"href":"https:\/\/www.macardenete.com\/climamodel\/wp-json\/wp\/v2\/tags?post=207"}],"curies":[{"name":"wp","href":"https:\/\/api.w.org\/{rel}","templated":true}]}}